{"id":20637,"date":"2022-05-17T21:24:12","date_gmt":"2022-05-17T21:24:12","guid":{"rendered":"https:\/\/clubedotrade.com.br\/?p=20634"},"modified":"2023-02-02T18:09:01","modified_gmt":"2023-02-02T18:09:01","slug":"involves-apas-show-2022","status":"publish","type":"post","link":"https:\/\/club.involves.com\/pt-br\/involves-apas-show-2022\/","title":{"rendered":"Involves na APAS Show 2022: tudo sobre o evento"},"content":{"rendered":"<p style=\"text-align: left;\"><span style=\"font-weight: 400;\">Ap\u00f3s dois anos de pausa por conta da covid-19, a <\/span><a href=\"https:\/\/apasshow.com\/\" target=\"_blank\" rel=\"noopener\"><span style=\"font-weight: 400;\">APAS Show<\/span><\/a><span style=\"font-weight: 400;\">, considerada a maior feira de alimentos e bebidas das Am\u00e9ricas, realiza a 36\u00aa edi\u00e7\u00e3o do seu tradicional evento, entre os dias 16 e 19 de maio de 2022, em S\u00e3o Paulo. <\/span><span style=\"font-weight: 400;\"><br \/>\n<\/span><span style=\"font-weight: 400;\"><br \/>\n<\/span><span style=\"font-weight: 400;\">Expositora oficial da APAS Show 2022, a <\/span><b>Involves<\/b><span style=\"font-weight: 400;\"> apresenta em seu estande dessa edi\u00e7\u00e3o solu\u00e7\u00f5es de intelig\u00eancia artificial que v\u00e3o desde a coleta de informa\u00e7\u00f5es precisas para tra\u00e7ar uma estrat\u00e9gia eficiente de trade marketing com o Reconhecimento por Imagem do <\/span><a href=\"https:\/\/involves.com\/stage\/\" target=\"_blank\" rel=\"noopener\"><b>Involves Stage<\/b><\/a><span style=\"font-weight: 400;\">, passando pela gest\u00e3o de incentivos comerciais para equipes de campo com a ferramenta da<\/span><a href=\"https:\/\/www.sellersbank.com.br\/\" target=\"_blank\" rel=\"noopener\"><b> Sellers<\/b><\/a><span style=\"font-weight: 400;\">, at\u00e9 a redu\u00e7\u00e3o da ruptura nas g\u00f4ndolas com o <\/span><a href=\"https:\/\/involves.com\/doors\/\" target=\"_blank\" rel=\"noopener\"><b>Involves Doors<\/b><\/a><span style=\"font-weight: 400;\">, facilitando as intera\u00e7\u00f5es entre todas as pontas envolvidas.\u00a0<\/span><\/p>\n<p><span style=\"font-weight: 400;\">No estande interativo da Involves os participantes que passarem pelo evento poder\u00e3o conferir demonstra\u00e7\u00f5es em tempo real de como a intelig\u00eancia artificial dos produtos atua na pr\u00e1tica para resolver diferentes problemas no PDV.<\/span><\/p>\n<div id=\"attachment_20645\" style=\"width: 1034px\" class=\"wp-caption alignnone\"><img fetchpriority=\"high\" decoding=\"async\" aria-describedby=\"caption-attachment-20645\" class=\"wp-image-20645 size-large\" src=\"https:\/\/club.involves.com\/wp-content\/uploads\/2022\/05\/MG_2455-1024x683.jpg\" alt=\"APAS show 2022 Involves \" width=\"1024\" height=\"683\" \/><p id=\"caption-attachment-20645\" class=\"wp-caption-text\">Estande da Involves na APAS Show 2022<\/p><\/div>\n<p><span style=\"font-weight: 400;\">Alguns clientes da Involves tamb\u00e9m est\u00e3o presentes no evento, tais como: <\/span><b>Unilever<\/b><span style=\"font-weight: 400;\">, <\/span><b>3 Cora\u00e7\u00f5es<\/b><span style=\"font-weight: 400;\">,<\/span><b> Seara<\/b><span style=\"font-weight: 400;\">, <\/span><b>Danone<\/b><span style=\"font-weight: 400;\">, <\/span><b>Red Bull<\/b><span style=\"font-weight: 400;\"> e <\/span><b>Vigor<\/b><span style=\"font-weight: 400;\">.<\/span><\/p>\n<p><span style=\"font-weight: 400;\">Nesta 36\u00aa edi\u00e7\u00e3o, <\/span><a href=\"https:\/\/mercadoeconsumo.com.br\/2022\/05\/16\/apas-show-2022-comeca-nesta-segunda-feira-com-mais-de-800-expositores\/\" target=\"_blank\" rel=\"noopener\"><span style=\"font-weight: 400;\">o evento promete movimentar mais de 130 mil pessoas<\/span><\/a><span style=\"font-weight: 400;\"> nos mais de 800 estandes espalhados pelo Expo Center Norte, em S\u00e3o Paulo. <\/span><\/p>\n<h2><b>Muito conte\u00fado em mais de 70 palestras na APAS Show 2022<\/b><span style=\"font-weight: 400;\"><br \/>\n<\/span><\/h2>\n<p><span style=\"font-weight: 400;\">Englobando feira e congresso, a Apas Show integra varejo e ind\u00fastria nacionais e internacionais, apresentando as melhores pr\u00e1ticas e solu\u00e7\u00f5es de neg\u00f3cios do setor. <\/span><span style=\"font-weight: 400;\">Al\u00e9m dos estandes, <\/span><b>o evento tamb\u00e9m oferece muito conte\u00fado de qualidade em mais de 70 palestras<\/b> <span style=\"font-weight: 400;\">divididas em 3 dias e que est\u00e3o sendo ministradas por grandes nomes e especialistas em inova\u00e7\u00e3o, tecnologia, intelig\u00eancia e produtividade.\u00a0<\/span><\/p>\n<p><span style=\"font-weight: 400;\">No dia 17, segundo dia de evento, a equipe da Involves acompanhou os pain\u00e9is do congresso e p\u00f4de conferir de perto algumas das principais tend\u00eancias e assuntos que est\u00e3o sendo discutidos quando o assunto \u00e9 varejo e ind\u00fastria.<\/span><\/p>\n<div id=\"attachment_20646\" style=\"width: 1034px\" class=\"wp-caption alignnone\"><img decoding=\"async\" aria-describedby=\"caption-attachment-20646\" class=\"wp-image-20646 size-large\" src=\"https:\/\/club.involves.com\/wp-content\/uploads\/2022\/05\/MG_2518-1024x683.jpg\" alt=\"Congresso APAS Show 2022 Involves \" width=\"1024\" height=\"683\" \/><p id=\"caption-attachment-20646\" class=\"wp-caption-text\">Congresso na APAS Show 2022<\/p><\/div>\n<p><span style=\"font-weight: 400;\"><br \/>\n<\/span><span style=\"font-weight: 400;\">Na trilha de conte\u00fado sobre Mix e Pricing, quatro palestras foram apresentadas por grandes nomes do setor.<\/span><\/p>\n<p><span style=\"font-weight: 400;\">O painel de tend\u00eancias \u201cApelo saud\u00e1vel: o impacto no sortimento das novas escolhas alimentares\u201d, deu in\u00edcio na trilha de conte\u00fados do dia e contou com a participa\u00e7\u00e3o de: Leila Okumura, Co-fundadora da Local.E; Carolina Godoy, Head de Inova\u00e7\u00e3o e Transforma\u00e7\u00e3o Digital da BHBFOOD &#8211; Equilibrium e Francisco Homsi, VP &amp; CCO da OBA Hortifruti. <\/span><span style=\"font-weight: 400;\"><br \/>\n<\/span><span style=\"font-weight: 400;\"><br \/>\n<\/span><span style=\"font-weight: 400;\">Na sequ\u00eancia, para falar sobre estrat\u00e9gia, a palestra \u201cAdequando o mix de compras ao shopper\u201d, contou com a participa\u00e7\u00e3o de <strong>F\u00e1tima Merlin<\/strong>, fundadora e CEO da Connect Shopper, conselheira certificada pela CelintBra.\u00a0\u00a0<\/span><\/p>\n<div id=\"attachment_20641\" style=\"width: 1034px\" class=\"wp-caption alignnone\"><img decoding=\"async\" aria-describedby=\"caption-attachment-20641\" class=\"wp-image-20641 size-large\" src=\"https:\/\/club.involves.com\/wp-content\/uploads\/2022\/05\/MG_2491-1024x683.jpg\" alt=\"F\u00e1tima Merlin APAS Show 2022 Involves\" width=\"1024\" height=\"683\" \/><p id=\"caption-attachment-20641\" class=\"wp-caption-text\">F\u00e1tima Merlin palestrando na APAS Show 2022<\/p><\/div>\n<p><span style=\"font-weight: 400;\">Voltada para a \u00e1rea t\u00e1tica, a palestra \u201cCaminhos para um mix eficaz: solu\u00e7\u00f5es para o shopper\u201d, foi conduzida por Alexandre Machado, Retail &amp; consumer goods delivery head na BIP Brasil. <\/span><span style=\"font-weight: 400;\"><br \/>\n<\/span><span style=\"font-weight: 400;\"><br \/>\n<\/span><span style=\"font-weight: 400;\">Para encerrar a trilha de conte\u00fados sobre Mix &amp; Pricing, a palestra \u201cA gest\u00e3o do espa\u00e7o em g\u00f4ndola enquanto ferramenta de efici\u00eancia log\u00edstica\u201d foi conduzida por Raphael Costa, Diretor da Figueira Costa Solu\u00e7\u00f5es em Planograma\u00e7\u00e3o. <\/span><span style=\"font-weight: 400;\"><br \/>\n<\/span><span style=\"font-weight: 400;\"><br \/>\n<\/span><span style=\"font-weight: 400;\">Para saber mais sobre o evento e conferir toda a programa\u00e7\u00e3o, <\/span><a href=\"https:\/\/apasshow.com\/congresso.html\" target=\"_blank\" rel=\"noopener\"><span style=\"font-weight: 400;\">acesse este link<\/span><\/a><span style=\"font-weight: 400;\">.<\/span><\/p>\n<p><span style=\"font-weight: 400;\">E se voc\u00ea estiver na APAS Show 2022, n\u00e3o deixe de visitar o estande da Involves e conversar de pertinho conosco.\u00a0<\/span><\/p>\n<p><b>Servi\u00e7o <\/b><b><br \/>\n<\/b><b>Involves na APAS <\/b><b><br \/>\n<\/b><b>Quando: 16 a 19 de maio de 2022<br \/>\n<\/b><b>Onde: Expo Center Norte, S\u00e3o Paulo (SP)<br \/>\n<\/b><b>Estande da Involves: Pavilh\u00e3o verde, Rua K | 19,572<\/b><\/p>\n<div class=\"article-tags\"> Tags: <a href=\"javascript:void(0)\" style=\"pointer-events: none;\">APAS Show<\/a>, <a href=\"javascript:void(0)\" style=\"pointer-events: none;\">APAS Show 2022<\/a>, <a href=\"javascript:void(0)\" style=\"pointer-events: none;\">Ind\u00fastria<\/a>, <a href=\"javascript:void(0)\" style=\"pointer-events: none;\">Varejo<\/a><br><\/div>","protected":false},"excerpt":{"rendered":"<p>Saiba tudo sobre a participa\u00e7\u00e3o da Involves na APAS Show 2022. <\/p>\n","protected":false},"author":23,"featured_media":21618,"comment_status":"open","ping_status":"open","sticky":false,"template":"","format":"standard","meta":{"_acf_changed":false,"content-type":"","footnotes":""},"categories":[347,422],"tags":[277,278,38,40],"class_list":["post-20637","post","type-post","status-publish","format-standard","has-post-thumbnail","hentry","category-involves","category-tendencias-e-mercado","tag-apas-show","tag-apas-show-2022","tag-industria","tag-varejo"],"acf":[],"yoast_head":"<!-- This site is optimized with the Yoast SEO plugin v27.2 - https:\/\/yoast.com\/product\/yoast-seo-wordpress\/ -->\n<title>Involves na APAS Show 2022: saiba tudo sobre o evento<\/title>\n<meta name=\"description\" content=\"Confira tudo sobre a participa\u00e7\u00e3o da Involves na APAS Show 2022: a maior feira de alimentos e bebidas das Am\u00e9ricas.\" \/>\n<meta name=\"robots\" content=\"index, follow, max-snippet:-1, max-image-preview:large, max-video-preview:-1\" \/>\n<link rel=\"canonical\" href=\"https:\/\/club.involves.com\/pt-br\/involves-apas-show-2022\/\" \/>\n<meta property=\"og:locale\" content=\"pt_BR\" \/>\n<meta property=\"og:type\" content=\"article\" \/>\n<meta property=\"og:title\" content=\"Involves na APAS Show 2022: saiba tudo sobre o evento\" \/>\n<meta property=\"og:description\" content=\"Confira tudo sobre a participa\u00e7\u00e3o da Involves na APAS Show 2022: a maior feira de alimentos e bebidas das Am\u00e9ricas.\" \/>\n<meta property=\"og:url\" content=\"https:\/\/club.involves.com\/pt-br\/involves-apas-show-2022\/\" \/>\n<meta property=\"og:site_name\" content=\"Involves Club\" \/>\n<meta property=\"article:published_time\" content=\"2022-05-17T21:24:12+00:00\" \/>\n<meta property=\"article:modified_time\" content=\"2023-02-02T18:09:01+00:00\" \/>\n<meta property=\"og:image\" content=\"https:\/\/club.involves.com\/wp-content\/uploads\/2022\/05\/club_banner_apas.jpg\" \/>\n\t<meta property=\"og:image:width\" content=\"1920\" \/>\n\t<meta property=\"og:image:height\" content=\"1009\" \/>\n\t<meta property=\"og:image:type\" content=\"image\/jpeg\" \/>\n<meta name=\"author\" content=\"Maria Eduarda Possamai\" \/>\n<meta name=\"twitter:card\" content=\"summary_large_image\" \/>\n<meta name=\"twitter:label1\" content=\"Escrito por\" \/>\n\t<meta name=\"twitter:data1\" content=\"Maria Eduarda Possamai\" \/>\n\t<meta name=\"twitter:label2\" content=\"Est. tempo de leitura\" \/>\n\t<meta name=\"twitter:data2\" content=\"4 minutos\" \/>\n<script type=\"application\/ld+json\" class=\"yoast-schema-graph\">{\"@context\":\"https:\/\/schema.org\",\"@graph\":[{\"@type\":\"Article\",\"@id\":\"https:\/\/club.involves.com\/pt-br\/involves-apas-show-2022\/#article\",\"isPartOf\":{\"@id\":\"https:\/\/club.involves.com\/pt-br\/involves-apas-show-2022\/\"},\"author\":{\"name\":\"Maria Eduarda Possamai\",\"@id\":\"https:\/\/club.involves.com\/pt-br\/#\/schema\/person\/ce9f7dde58b8e6c7f736bc63568a5857\"},\"headline\":\"Involves na APAS Show 2022: tudo sobre o evento\",\"datePublished\":\"2022-05-17T21:24:12+00:00\",\"dateModified\":\"2023-02-02T18:09:01+00:00\",\"mainEntityOfPage\":{\"@id\":\"https:\/\/club.involves.com\/pt-br\/involves-apas-show-2022\/\"},\"wordCount\":630,\"commentCount\":0,\"publisher\":{\"@id\":\"https:\/\/club.involves.com\/pt-br\/#organization\"},\"image\":{\"@id\":\"https:\/\/club.involves.com\/pt-br\/involves-apas-show-2022\/#primaryimage\"},\"thumbnailUrl\":\"https:\/\/club.involves.com\/wp-content\/uploads\/2022\/05\/club_banner_apas.jpg\",\"keywords\":[\"APAS Show\",\"APAS Show 2022\",\"Ind\u00fastria\",\"Varejo\"],\"articleSection\":[\"Involves\",\"Tend\u00eancias e Mercado\"],\"inLanguage\":\"pt-BR\",\"potentialAction\":[{\"@type\":\"CommentAction\",\"name\":\"Comment\",\"target\":[\"https:\/\/club.involves.com\/pt-br\/involves-apas-show-2022\/#respond\"]}]},{\"@type\":\"WebPage\",\"@id\":\"https:\/\/club.involves.com\/pt-br\/involves-apas-show-2022\/\",\"url\":\"https:\/\/club.involves.com\/pt-br\/involves-apas-show-2022\/\",\"name\":\"Involves na APAS Show 2022: saiba tudo sobre o evento\",\"isPartOf\":{\"@id\":\"https:\/\/club.involves.com\/pt-br\/#website\"},\"primaryImageOfPage\":{\"@id\":\"https:\/\/club.involves.com\/pt-br\/involves-apas-show-2022\/#primaryimage\"},\"image\":{\"@id\":\"https:\/\/club.involves.com\/pt-br\/involves-apas-show-2022\/#primaryimage\"},\"thumbnailUrl\":\"https:\/\/club.involves.com\/wp-content\/uploads\/2022\/05\/club_banner_apas.jpg\",\"datePublished\":\"2022-05-17T21:24:12+00:00\",\"dateModified\":\"2023-02-02T18:09:01+00:00\",\"description\":\"Confira tudo sobre a participa\u00e7\u00e3o da Involves na APAS Show 2022: a maior feira de alimentos e bebidas das Am\u00e9ricas.\",\"breadcrumb\":{\"@id\":\"https:\/\/club.involves.com\/pt-br\/involves-apas-show-2022\/#breadcrumb\"},\"inLanguage\":\"pt-BR\",\"potentialAction\":[{\"@type\":\"ReadAction\",\"target\":[\"https:\/\/club.involves.com\/pt-br\/involves-apas-show-2022\/\"]}]},{\"@type\":\"ImageObject\",\"inLanguage\":\"pt-BR\",\"@id\":\"https:\/\/club.involves.com\/pt-br\/involves-apas-show-2022\/#primaryimage\",\"url\":\"https:\/\/club.involves.com\/wp-content\/uploads\/2022\/05\/club_banner_apas.jpg\",\"contentUrl\":\"https:\/\/club.involves.com\/wp-content\/uploads\/2022\/05\/club_banner_apas.jpg\",\"width\":1920,\"height\":1009,\"caption\":\"Involves na APAS Show 2022 - Involves Club\"},{\"@type\":\"BreadcrumbList\",\"@id\":\"https:\/\/club.involves.com\/pt-br\/involves-apas-show-2022\/#breadcrumb\",\"itemListElement\":[{\"@type\":\"ListItem\",\"position\":1,\"name\":\"In\u00edcio\",\"item\":\"https:\/\/club.involves.com\/pt-br\/\"},{\"@type\":\"ListItem\",\"position\":2,\"name\":\"Involves na APAS Show 2022: tudo sobre o evento\"}]},{\"@type\":\"WebSite\",\"@id\":\"https:\/\/club.involves.com\/pt-br\/#website\",\"url\":\"https:\/\/club.involves.com\/pt-br\/\",\"name\":\"Involves Club\",\"description\":\"Involves Club\",\"publisher\":{\"@id\":\"https:\/\/club.involves.com\/pt-br\/#organization\"},\"potentialAction\":[{\"@type\":\"SearchAction\",\"target\":{\"@type\":\"EntryPoint\",\"urlTemplate\":\"https:\/\/club.involves.com\/pt-br\/?s={search_term_string}\"},\"query-input\":{\"@type\":\"PropertyValueSpecification\",\"valueRequired\":true,\"valueName\":\"search_term_string\"}}],\"inLanguage\":\"pt-BR\"},{\"@type\":\"Organization\",\"@id\":\"https:\/\/club.involves.com\/pt-br\/#organization\",\"name\":\"Involves Club\",\"url\":\"https:\/\/club.involves.com\/pt-br\/\",\"logo\":{\"@type\":\"ImageObject\",\"inLanguage\":\"pt-BR\",\"@id\":\"https:\/\/club.involves.com\/pt-br\/#\/schema\/logo\/image\/\",\"url\":\"https:\/\/club.involves.com\/wp-content\/uploads\/2022\/09\/involves_club_brand_h_2.png\",\"contentUrl\":\"https:\/\/club.involves.com\/wp-content\/uploads\/2022\/09\/involves_club_brand_h_2.png\",\"width\":169,\"height\":49,\"caption\":\"Involves Club\"},\"image\":{\"@id\":\"https:\/\/club.involves.com\/pt-br\/#\/schema\/logo\/image\/\"}},{\"@type\":\"Person\",\"@id\":\"https:\/\/club.involves.com\/pt-br\/#\/schema\/person\/ce9f7dde58b8e6c7f736bc63568a5857\",\"name\":\"Maria Eduarda Possamai\",\"image\":{\"@type\":\"ImageObject\",\"inLanguage\":\"pt-BR\",\"@id\":\"https:\/\/club.involves.com\/wp-content\/litespeed\/avatar\/7b1de658d2083d856ffbae3dccce74aa.jpg?ver=1777302510\",\"url\":\"https:\/\/club.involves.com\/wp-content\/litespeed\/avatar\/7b1de658d2083d856ffbae3dccce74aa.jpg?ver=1777302510\",\"contentUrl\":\"https:\/\/club.involves.com\/wp-content\/litespeed\/avatar\/7b1de658d2083d856ffbae3dccce74aa.jpg?ver=1777302510\",\"caption\":\"Maria Eduarda Possamai\"},\"sameAs\":[\"https:\/\/www.linkedin.com\/in\/dgavazzoni\/\"],\"url\":\"https:\/\/club.involves.com\/pt-br\/author\/eduarda-possamai\/\"}]}<\/script>\n<!-- \/ Yoast SEO plugin. -->","yoast_head_json":{"title":"Involves na APAS Show 2022: saiba tudo sobre o evento","description":"Confira tudo sobre a participa\u00e7\u00e3o da Involves na APAS Show 2022: a maior feira de alimentos e bebidas das Am\u00e9ricas.","robots":{"index":"index","follow":"follow","max-snippet":"max-snippet:-1","max-image-preview":"max-image-preview:large","max-video-preview":"max-video-preview:-1"},"canonical":"https:\/\/club.involves.com\/pt-br\/involves-apas-show-2022\/","og_locale":"pt_BR","og_type":"article","og_title":"Involves na APAS Show 2022: saiba tudo sobre o evento","og_description":"Confira tudo sobre a participa\u00e7\u00e3o da Involves na APAS Show 2022: a maior feira de alimentos e bebidas das Am\u00e9ricas.","og_url":"https:\/\/club.involves.com\/pt-br\/involves-apas-show-2022\/","og_site_name":"Involves Club","article_published_time":"2022-05-17T21:24:12+00:00","article_modified_time":"2023-02-02T18:09:01+00:00","og_image":[{"width":1920,"height":1009,"url":"https:\/\/club.involves.com\/wp-content\/uploads\/2022\/05\/club_banner_apas.jpg","type":"image\/jpeg"}],"author":"Maria Eduarda Possamai","twitter_card":"summary_large_image","twitter_misc":{"Escrito por":"Maria Eduarda Possamai","Est. tempo de leitura":"4 minutos"},"schema":{"@context":"https:\/\/schema.org","@graph":[{"@type":"Article","@id":"https:\/\/club.involves.com\/pt-br\/involves-apas-show-2022\/#article","isPartOf":{"@id":"https:\/\/club.involves.com\/pt-br\/involves-apas-show-2022\/"},"author":{"name":"Maria Eduarda Possamai","@id":"https:\/\/club.involves.com\/pt-br\/#\/schema\/person\/ce9f7dde58b8e6c7f736bc63568a5857"},"headline":"Involves na APAS Show 2022: tudo sobre o evento","datePublished":"2022-05-17T21:24:12+00:00","dateModified":"2023-02-02T18:09:01+00:00","mainEntityOfPage":{"@id":"https:\/\/club.involves.com\/pt-br\/involves-apas-show-2022\/"},"wordCount":630,"commentCount":0,"publisher":{"@id":"https:\/\/club.involves.com\/pt-br\/#organization"},"image":{"@id":"https:\/\/club.involves.com\/pt-br\/involves-apas-show-2022\/#primaryimage"},"thumbnailUrl":"https:\/\/club.involves.com\/wp-content\/uploads\/2022\/05\/club_banner_apas.jpg","keywords":["APAS Show","APAS Show 2022","Ind\u00fastria","Varejo"],"articleSection":["Involves","Tend\u00eancias e Mercado"],"inLanguage":"pt-BR","potentialAction":[{"@type":"CommentAction","name":"Comment","target":["https:\/\/club.involves.com\/pt-br\/involves-apas-show-2022\/#respond"]}]},{"@type":"WebPage","@id":"https:\/\/club.involves.com\/pt-br\/involves-apas-show-2022\/","url":"https:\/\/club.involves.com\/pt-br\/involves-apas-show-2022\/","name":"Involves na APAS Show 2022: saiba tudo sobre o evento","isPartOf":{"@id":"https:\/\/club.involves.com\/pt-br\/#website"},"primaryImageOfPage":{"@id":"https:\/\/club.involves.com\/pt-br\/involves-apas-show-2022\/#primaryimage"},"image":{"@id":"https:\/\/club.involves.com\/pt-br\/involves-apas-show-2022\/#primaryimage"},"thumbnailUrl":"https:\/\/club.involves.com\/wp-content\/uploads\/2022\/05\/club_banner_apas.jpg","datePublished":"2022-05-17T21:24:12+00:00","dateModified":"2023-02-02T18:09:01+00:00","description":"Confira tudo sobre a participa\u00e7\u00e3o da Involves na APAS Show 2022: a maior feira de alimentos e bebidas das Am\u00e9ricas.","breadcrumb":{"@id":"https:\/\/club.involves.com\/pt-br\/involves-apas-show-2022\/#breadcrumb"},"inLanguage":"pt-BR","potentialAction":[{"@type":"ReadAction","target":["https:\/\/club.involves.com\/pt-br\/involves-apas-show-2022\/"]}]},{"@type":"ImageObject","inLanguage":"pt-BR","@id":"https:\/\/club.involves.com\/pt-br\/involves-apas-show-2022\/#primaryimage","url":"https:\/\/club.involves.com\/wp-content\/uploads\/2022\/05\/club_banner_apas.jpg","contentUrl":"https:\/\/club.involves.com\/wp-content\/uploads\/2022\/05\/club_banner_apas.jpg","width":1920,"height":1009,"caption":"Involves na APAS Show 2022 - Involves Club"},{"@type":"BreadcrumbList","@id":"https:\/\/club.involves.com\/pt-br\/involves-apas-show-2022\/#breadcrumb","itemListElement":[{"@type":"ListItem","position":1,"name":"In\u00edcio","item":"https:\/\/club.involves.com\/pt-br\/"},{"@type":"ListItem","position":2,"name":"Involves na APAS Show 2022: tudo sobre o evento"}]},{"@type":"WebSite","@id":"https:\/\/club.involves.com\/pt-br\/#website","url":"https:\/\/club.involves.com\/pt-br\/","name":"Involves Club","description":"Involves Club","publisher":{"@id":"https:\/\/club.involves.com\/pt-br\/#organization"},"potentialAction":[{"@type":"SearchAction","target":{"@type":"EntryPoint","urlTemplate":"https:\/\/club.involves.com\/pt-br\/?s={search_term_string}"},"query-input":{"@type":"PropertyValueSpecification","valueRequired":true,"valueName":"search_term_string"}}],"inLanguage":"pt-BR"},{"@type":"Organization","@id":"https:\/\/club.involves.com\/pt-br\/#organization","name":"Involves Club","url":"https:\/\/club.involves.com\/pt-br\/","logo":{"@type":"ImageObject","inLanguage":"pt-BR","@id":"https:\/\/club.involves.com\/pt-br\/#\/schema\/logo\/image\/","url":"https:\/\/club.involves.com\/wp-content\/uploads\/2022\/09\/involves_club_brand_h_2.png","contentUrl":"https:\/\/club.involves.com\/wp-content\/uploads\/2022\/09\/involves_club_brand_h_2.png","width":169,"height":49,"caption":"Involves Club"},"image":{"@id":"https:\/\/club.involves.com\/pt-br\/#\/schema\/logo\/image\/"}},{"@type":"Person","@id":"https:\/\/club.involves.com\/pt-br\/#\/schema\/person\/ce9f7dde58b8e6c7f736bc63568a5857","name":"Maria Eduarda Possamai","image":{"@type":"ImageObject","inLanguage":"pt-BR","@id":"https:\/\/club.involves.com\/wp-content\/litespeed\/avatar\/7b1de658d2083d856ffbae3dccce74aa.jpg?ver=1777302510","url":"https:\/\/club.involves.com\/wp-content\/litespeed\/avatar\/7b1de658d2083d856ffbae3dccce74aa.jpg?ver=1777302510","contentUrl":"https:\/\/club.involves.com\/wp-content\/litespeed\/avatar\/7b1de658d2083d856ffbae3dccce74aa.jpg?ver=1777302510","caption":"Maria Eduarda Possamai"},"sameAs":["https:\/\/www.linkedin.com\/in\/dgavazzoni\/"],"url":"https:\/\/club.involves.com\/pt-br\/author\/eduarda-possamai\/"}]}},"_links":{"self":[{"href":"https:\/\/club.involves.com\/pt-br\/wp-json\/wp\/v2\/posts\/20637","targetHints":{"allow":["GET"]}}],"collection":[{"href":"https:\/\/club.involves.com\/pt-br\/wp-json\/wp\/v2\/posts"}],"about":[{"href":"https:\/\/club.involves.com\/pt-br\/wp-json\/wp\/v2\/types\/post"}],"author":[{"embeddable":true,"href":"https:\/\/club.involves.com\/pt-br\/wp-json\/wp\/v2\/users\/23"}],"replies":[{"embeddable":true,"href":"https:\/\/club.involves.com\/pt-br\/wp-json\/wp\/v2\/comments?post=20637"}],"version-history":[{"count":3,"href":"https:\/\/club.involves.com\/pt-br\/wp-json\/wp\/v2\/posts\/20637\/revisions"}],"predecessor-version":[{"id":21508,"href":"https:\/\/club.involves.com\/pt-br\/wp-json\/wp\/v2\/posts\/20637\/revisions\/21508"}],"wp:featuredmedia":[{"embeddable":true,"href":"https:\/\/club.involves.com\/pt-br\/wp-json\/wp\/v2\/media\/21618"}],"wp:attachment":[{"href":"https:\/\/club.involves.com\/pt-br\/wp-json\/wp\/v2\/media?parent=20637"}],"wp:term":[{"taxonomy":"category","embeddable":true,"href":"https:\/\/club.involves.com\/pt-br\/wp-json\/wp\/v2\/categories?post=20637"},{"taxonomy":"post_tag","embeddable":true,"href":"https:\/\/club.involves.com\/pt-br\/wp-json\/wp\/v2\/tags?post=20637"}],"curies":[{"name":"wp","href":"https:\/\/api.w.org\/{rel}","templated":true}]}}