{"id":22686,"date":"2025-04-08T17:45:07","date_gmt":"2025-04-08T17:45:07","guid":{"rendered":"https:\/\/club.involves.com\/?p=22686"},"modified":"2025-04-09T17:46:46","modified_gmt":"2025-04-09T17:46:46","slug":"carreira-em-trade-marketing","status":"publish","type":"post","link":"https:\/\/club.involves.com\/pt-br\/carreira-em-trade-marketing\/","title":{"rendered":"A carreira no Trade Marketing: como enfrentar as mudan\u00e7as sem perder o rumo"},"content":{"rendered":"<p class=\"\" data-start=\"156\" data-end=\"431\">Os tempos mudam, e por mais clich\u00ea que pare\u00e7a essa frase, ela \u00e9 verdadeira. Tive uma longa conversa com meu pai, uma pessoa j\u00e1 de muita idade, e coment\u00e1vamos como antes n\u00e3o havia muito o que escolher: uma carreira, uma empresa, uma fam\u00edlia e pronto \u2014 assim por toda a vida&#8230;<\/p>\n<p class=\"\" data-start=\"433\" data-end=\"674\">Hoje, o cen\u00e1rio \u00e9 mais complexo, a concorr\u00eancia \u00e9 feroz, as mudan\u00e7as s\u00e3o muito mais r\u00e1pidas, surgem novas gera\u00e7\u00f5es, uma expectativa de vida mais longa, novas empresas, novas tecnologias, uma infinidade de desafios \u2014 e uma longa lista de etc.<\/p>\n<p class=\"\" data-start=\"676\" data-end=\"935\">Parece amea\u00e7ador, certo? E bom, o que tudo isso tem a ver com Trade Marketing? Em uma palavra: tudo. E vou falar da minha experi\u00eancia \u2014 quem sabe isso te inspire a se reinventar e a se sentir um pouco menos \u201cfrustrado\u201d ou \u201cangustiado\u201d nesse mundo t\u00e3o mut\u00e1vel.<\/p>\n<h2 class=\"\" data-start=\"955\" data-end=\"994\"><strong data-start=\"937\" data-end=\"983\">Sobre minha experi\u00eancia no Trade Marketing<\/strong><\/h2>\n<p class=\"\" data-start=\"985\" data-end=\"1272\">Minha trajet\u00f3ria come\u00e7ou na ind\u00fastria farmac\u00eautica. Passei por operadoras de telefonia, pulei para marcas de celulares, em diferentes cargos \u2014 de treinador, passando por supervisor, coordenador de treinamento, coordenador de promotores, diretor de varejo, regional da LATAM e por a\u00ed vai.<\/p>\n<p class=\"\" data-start=\"1274\" data-end=\"1688\">Cada marca \u00e9 muito diferente, mas o que posso dizer \u00e9 que a mudan\u00e7a de mentalidade e atitude cultural foram cruciais para minha evolu\u00e7\u00e3o em cada fun\u00e7\u00e3o \u2014 seja em n\u00edvel de responsabilidade (regional, nacional, LATAM), seja nas responsabilidades em si (promotores, treinamentos, exposi\u00e7\u00e3o, lojas pr\u00f3prias, BI) ou na nacionalidade da empresa (americana, finlandesa, latino-americana, brasileira, chinesa, coreana, etc.).<\/p>\n<h2 data-start=\"1690\" data-end=\"1761\"><strong data-start=\"1690\" data-end=\"1761\">O segmento da empresa influencia na estrat\u00e9gia de execu\u00e7\u00e3o em loja?<\/strong><\/h2>\n<p class=\"\" data-start=\"1763\" data-end=\"2096\">Com certeza! O segmento ou os produtos comercializados mudam a estrat\u00e9gia \u2014 e a execu\u00e7\u00e3o tamb\u00e9m. Pode at\u00e9 ser tudo \u201ctecnologia\u201d, mas n\u00e3o \u00e9 a mesma coisa vender equipamentos m\u00e9dicos, telefonia fixa, internet, telefonia m\u00f3vel, feature phones, smartphones, tablets, wearables, \u00e1udio, computadores, TVs, eletrodom\u00e9sticos ou linha branca.<\/p>\n<p class=\"\" data-start=\"2098\" data-end=\"2247\">Parece desafiador, n\u00e9? Como \u00e9 poss\u00edvel lidar com cultura, n\u00edvel estrat\u00e9gico, t\u00e1tico, produto e fun\u00e7\u00e3o ao mesmo tempo \u2014 e tudo mudando constantemente?<\/p>\n<p class=\"\" data-start=\"2249\" data-end=\"2687\">A boa not\u00edcia \u00e9 que, no fim das contas, as vari\u00e1veis b\u00e1sicas s\u00e3o sempre as mesmas. E para provar isso, basta um exemplo: celulares, geladeiras, tablets, rel\u00f3gios, etc. Todos t\u00eam <strong>pre\u00e7o, concorr\u00eancia, promo\u00e7\u00f5es, sazonalidade, s\u00e3o vendidos com promotores, exigem treinamento, exposi\u00e7\u00e3o, BI, ag\u00eancia terceirizada, aplicativos de controle<\/strong> como o <a href=\"https:\/\/involves.com\/stage\/\" target=\"_blank\" rel=\"noopener\">Involves Stage<\/a> (muito \u00fatil, por sinal), entre muitas outras vari\u00e1veis \u201cfixas\u201d. Sim, vari\u00e1veis fixas.<\/p>\n<h2 class=\"\" data-start=\"2771\" data-end=\"2859\">Qual \u00e9 o segredo para criar uma estrat\u00e9gia de trade marketing, independente do setor?<\/h2>\n<p class=\"\" data-start=\"2861\" data-end=\"3086\">O segredo est\u00e1 em entender como montar esse quebra-cabe\u00e7a em cada cen\u00e1rio. Se voc\u00ea sabe construir seu mapa mental, convido voc\u00ea a us\u00e1-lo para estruturar cada desafio que surgir. Com isso, tudo parecer\u00e1 muito menos complicado.<\/p>\n<p class=\"\" data-start=\"3088\" data-end=\"3278\">Voltando ao ponto de onde comecei, acredito que a vida, os neg\u00f3cios \u2014 tudo \u2014 funciona em ciclos. Uma ideia do meu querido pai, que continua atual e aplic\u00e1vel aos desafios do Trade Marketing:<\/p>\n<blockquote data-start=\"3280\" data-end=\"3398\">\n<p class=\"\" data-start=\"3282\" data-end=\"3398\">\u201cA quantidade de mudan\u00e7as e desafios que enfrentamos hoje \u00e9 diretamente proporcional \u00e0 quantidade de oportunidades.\u201d<\/p>\n<\/blockquote>\n<p class=\"\" data-start=\"3400\" data-end=\"3488\">Ent\u00e3o, est\u00e1 a\u00ed. Voc\u00ea est\u00e1 diante de problemas ou de oportunidades? S\u00f3 voc\u00ea pode decidir.<\/p>\n<p class=\"\" data-start=\"3490\" data-end=\"3772\"><strong data-start=\"3490\" data-end=\"3498\">P.S.<\/strong> No ano passado, tive a oportunidade de participar do <strong>Involves Experience<\/strong>, onde compartilhei mais da minha trajet\u00f3ria profissional e falei sobre como definir objetivos e criar estrat\u00e9gias para sua execu\u00e7\u00e3o no PDV. Te convido a assistir \u00e0 apresenta\u00e7\u00e3o completa <a href=\"https:\/\/content.involves.com\/pt\/involves-experience-2024\" target=\"_blank\" rel=\"noopener\">clicando aqui<\/a>.<\/p>\n","protected":false},"excerpt":{"rendered":"<p>Como construir uma carreira s\u00f3lida em Trade Marketing em meio a tantas mudan\u00e7as? Neste artigo, Ramiro Castrej\u00f3n, Senior Trade Marketing Manager, compartilha sua trajet\u00f3ria, aprendizados e como transformar desafios em oportunidades no PDV.<\/p>\n","protected":false},"author":23,"featured_media":22688,"comment_status":"closed","ping_status":"closed","sticky":false,"template":"","format":"standard","meta":{"_acf_changed":false,"content-type":"","footnotes":""},"categories":[418,422],"tags":[],"class_list":["post-22686","post","type-post","status-publish","format-standard","has-post-thumbnail","hentry","category-gestao-de-equipes-de-campo","category-tendencias-e-mercado"],"acf":[],"yoast_head":"<!-- This site is optimized with the Yoast SEO plugin v27.2 - https:\/\/yoast.com\/product\/yoast-seo-wordpress\/ -->\n<title>A carreira no Trade Marketing: como enfrentar as mudan\u00e7as sem perder o rumo - Involves Club<\/title>\n<meta name=\"description\" content=\"Como construir uma carreira em Trade Marketing? Ramiro Castrej\u00f3n, Senior Trade Marketing Manager, compartilha sua trajet\u00f3ria, aprendizados e como transformar desafios em oportunidades.\" \/>\n<meta name=\"robots\" content=\"index, follow, max-snippet:-1, max-image-preview:large, max-video-preview:-1\" \/>\n<link rel=\"canonical\" href=\"https:\/\/club.involves.com\/pt-br\/carreira-em-trade-marketing\/\" \/>\n<meta property=\"og:locale\" content=\"pt_BR\" \/>\n<meta property=\"og:type\" content=\"article\" \/>\n<meta property=\"og:title\" content=\"A carreira no Trade Marketing: como enfrentar as mudan\u00e7as sem perder o rumo - Involves Club\" \/>\n<meta property=\"og:description\" content=\"Como construir uma carreira em Trade Marketing? Ramiro Castrej\u00f3n, Senior Trade Marketing Manager, compartilha sua trajet\u00f3ria, aprendizados e como transformar desafios em oportunidades.\" \/>\n<meta property=\"og:url\" content=\"https:\/\/club.involves.com\/pt-br\/carreira-em-trade-marketing\/\" \/>\n<meta property=\"og:site_name\" content=\"Involves Club\" \/>\n<meta property=\"article:published_time\" content=\"2025-04-08T17:45:07+00:00\" \/>\n<meta property=\"article:modified_time\" content=\"2025-04-09T17:46:46+00:00\" \/>\n<meta property=\"og:image\" content=\"https:\/\/club.involves.com\/wp-content\/uploads\/2025\/04\/involves-club-la-carrera-en-el-trade-marketing.jpg\" \/>\n\t<meta property=\"og:image:width\" content=\"2048\" \/>\n\t<meta property=\"og:image:height\" content=\"1076\" \/>\n\t<meta property=\"og:image:type\" content=\"image\/jpeg\" \/>\n<meta name=\"author\" content=\"Maria Eduarda Possamai\" \/>\n<meta name=\"twitter:card\" content=\"summary_large_image\" \/>\n<meta name=\"twitter:label1\" content=\"Escrito por\" \/>\n\t<meta name=\"twitter:data1\" content=\"Maria Eduarda Possamai\" \/>\n\t<meta name=\"twitter:label2\" content=\"Est. tempo de leitura\" \/>\n\t<meta name=\"twitter:data2\" content=\"4 minutos\" \/>\n<script type=\"application\/ld+json\" class=\"yoast-schema-graph\">{\"@context\":\"https:\/\/schema.org\",\"@graph\":[{\"@type\":\"Article\",\"@id\":\"https:\/\/club.involves.com\/pt-br\/carreira-em-trade-marketing\/#article\",\"isPartOf\":{\"@id\":\"https:\/\/club.involves.com\/pt-br\/carreira-em-trade-marketing\/\"},\"author\":{\"name\":\"Maria Eduarda Possamai\",\"@id\":\"https:\/\/club.involves.com\/pt-br\/#\/schema\/person\/ce9f7dde58b8e6c7f736bc63568a5857\"},\"headline\":\"A carreira no Trade Marketing: como enfrentar as mudan\u00e7as sem perder o rumo\",\"datePublished\":\"2025-04-08T17:45:07+00:00\",\"dateModified\":\"2025-04-09T17:46:46+00:00\",\"mainEntityOfPage\":{\"@id\":\"https:\/\/club.involves.com\/pt-br\/carreira-em-trade-marketing\/\"},\"wordCount\":605,\"publisher\":{\"@id\":\"https:\/\/club.involves.com\/pt-br\/#organization\"},\"image\":{\"@id\":\"https:\/\/club.involves.com\/pt-br\/carreira-em-trade-marketing\/#primaryimage\"},\"thumbnailUrl\":\"https:\/\/club.involves.com\/wp-content\/uploads\/2025\/04\/involves-club-la-carrera-en-el-trade-marketing.jpg\",\"articleSection\":[\"Gest\u00e3o de Equipes de Campo\",\"Tend\u00eancias e Mercado\"],\"inLanguage\":\"pt-BR\"},{\"@type\":\"WebPage\",\"@id\":\"https:\/\/club.involves.com\/pt-br\/carreira-em-trade-marketing\/\",\"url\":\"https:\/\/club.involves.com\/pt-br\/carreira-em-trade-marketing\/\",\"name\":\"A carreira no Trade Marketing: como enfrentar as mudan\u00e7as sem perder o rumo - Involves Club\",\"isPartOf\":{\"@id\":\"https:\/\/club.involves.com\/pt-br\/#website\"},\"primaryImageOfPage\":{\"@id\":\"https:\/\/club.involves.com\/pt-br\/carreira-em-trade-marketing\/#primaryimage\"},\"image\":{\"@id\":\"https:\/\/club.involves.com\/pt-br\/carreira-em-trade-marketing\/#primaryimage\"},\"thumbnailUrl\":\"https:\/\/club.involves.com\/wp-content\/uploads\/2025\/04\/involves-club-la-carrera-en-el-trade-marketing.jpg\",\"datePublished\":\"2025-04-08T17:45:07+00:00\",\"dateModified\":\"2025-04-09T17:46:46+00:00\",\"description\":\"Como construir uma carreira em Trade Marketing? Ramiro Castrej\u00f3n, Senior Trade Marketing Manager, compartilha sua trajet\u00f3ria, aprendizados e como transformar desafios em oportunidades.\",\"breadcrumb\":{\"@id\":\"https:\/\/club.involves.com\/pt-br\/carreira-em-trade-marketing\/#breadcrumb\"},\"inLanguage\":\"pt-BR\",\"potentialAction\":[{\"@type\":\"ReadAction\",\"target\":[\"https:\/\/club.involves.com\/pt-br\/carreira-em-trade-marketing\/\"]}]},{\"@type\":\"ImageObject\",\"inLanguage\":\"pt-BR\",\"@id\":\"https:\/\/club.involves.com\/pt-br\/carreira-em-trade-marketing\/#primaryimage\",\"url\":\"https:\/\/club.involves.com\/wp-content\/uploads\/2025\/04\/involves-club-la-carrera-en-el-trade-marketing.jpg\",\"contentUrl\":\"https:\/\/club.involves.com\/wp-content\/uploads\/2025\/04\/involves-club-la-carrera-en-el-trade-marketing.jpg\",\"width\":2048,\"height\":1076,\"caption\":\"Como contruir uma carreira em trade marketing\"},{\"@type\":\"BreadcrumbList\",\"@id\":\"https:\/\/club.involves.com\/pt-br\/carreira-em-trade-marketing\/#breadcrumb\",\"itemListElement\":[{\"@type\":\"ListItem\",\"position\":1,\"name\":\"In\u00edcio\",\"item\":\"https:\/\/club.involves.com\/pt-br\/\"},{\"@type\":\"ListItem\",\"position\":2,\"name\":\"A carreira no Trade Marketing: como enfrentar as mudan\u00e7as sem perder o rumo\"}]},{\"@type\":\"WebSite\",\"@id\":\"https:\/\/club.involves.com\/pt-br\/#website\",\"url\":\"https:\/\/club.involves.com\/pt-br\/\",\"name\":\"Involves Club\",\"description\":\"Involves Club\",\"publisher\":{\"@id\":\"https:\/\/club.involves.com\/pt-br\/#organization\"},\"potentialAction\":[{\"@type\":\"SearchAction\",\"target\":{\"@type\":\"EntryPoint\",\"urlTemplate\":\"https:\/\/club.involves.com\/pt-br\/?s={search_term_string}\"},\"query-input\":{\"@type\":\"PropertyValueSpecification\",\"valueRequired\":true,\"valueName\":\"search_term_string\"}}],\"inLanguage\":\"pt-BR\"},{\"@type\":\"Organization\",\"@id\":\"https:\/\/club.involves.com\/pt-br\/#organization\",\"name\":\"Involves Club\",\"url\":\"https:\/\/club.involves.com\/pt-br\/\",\"logo\":{\"@type\":\"ImageObject\",\"inLanguage\":\"pt-BR\",\"@id\":\"https:\/\/club.involves.com\/pt-br\/#\/schema\/logo\/image\/\",\"url\":\"https:\/\/club.involves.com\/wp-content\/uploads\/2022\/09\/involves_club_brand_h_2.png\",\"contentUrl\":\"https:\/\/club.involves.com\/wp-content\/uploads\/2022\/09\/involves_club_brand_h_2.png\",\"width\":169,\"height\":49,\"caption\":\"Involves Club\"},\"image\":{\"@id\":\"https:\/\/club.involves.com\/pt-br\/#\/schema\/logo\/image\/\"}},{\"@type\":\"Person\",\"@id\":\"https:\/\/club.involves.com\/pt-br\/#\/schema\/person\/ce9f7dde58b8e6c7f736bc63568a5857\",\"name\":\"Maria Eduarda Possamai\",\"image\":{\"@type\":\"ImageObject\",\"inLanguage\":\"pt-BR\",\"@id\":\"https:\/\/club.involves.com\/wp-content\/litespeed\/avatar\/7b1de658d2083d856ffbae3dccce74aa.jpg?ver=1777302510\",\"url\":\"https:\/\/club.involves.com\/wp-content\/litespeed\/avatar\/7b1de658d2083d856ffbae3dccce74aa.jpg?ver=1777302510\",\"contentUrl\":\"https:\/\/club.involves.com\/wp-content\/litespeed\/avatar\/7b1de658d2083d856ffbae3dccce74aa.jpg?ver=1777302510\",\"caption\":\"Maria Eduarda Possamai\"},\"sameAs\":[\"https:\/\/www.linkedin.com\/in\/dgavazzoni\/\"],\"url\":\"https:\/\/club.involves.com\/pt-br\/author\/eduarda-possamai\/\"}]}<\/script>\n<!-- \/ Yoast SEO plugin. -->","yoast_head_json":{"title":"A carreira no Trade Marketing: como enfrentar as mudan\u00e7as sem perder o rumo - Involves Club","description":"Como construir uma carreira em Trade Marketing? Ramiro Castrej\u00f3n, Senior Trade Marketing Manager, compartilha sua trajet\u00f3ria, aprendizados e como transformar desafios em oportunidades.","robots":{"index":"index","follow":"follow","max-snippet":"max-snippet:-1","max-image-preview":"max-image-preview:large","max-video-preview":"max-video-preview:-1"},"canonical":"https:\/\/club.involves.com\/pt-br\/carreira-em-trade-marketing\/","og_locale":"pt_BR","og_type":"article","og_title":"A carreira no Trade Marketing: como enfrentar as mudan\u00e7as sem perder o rumo - Involves Club","og_description":"Como construir uma carreira em Trade Marketing? Ramiro Castrej\u00f3n, Senior Trade Marketing Manager, compartilha sua trajet\u00f3ria, aprendizados e como transformar desafios em oportunidades.","og_url":"https:\/\/club.involves.com\/pt-br\/carreira-em-trade-marketing\/","og_site_name":"Involves Club","article_published_time":"2025-04-08T17:45:07+00:00","article_modified_time":"2025-04-09T17:46:46+00:00","og_image":[{"width":2048,"height":1076,"url":"https:\/\/club.involves.com\/wp-content\/uploads\/2025\/04\/involves-club-la-carrera-en-el-trade-marketing.jpg","type":"image\/jpeg"}],"author":"Maria Eduarda Possamai","twitter_card":"summary_large_image","twitter_misc":{"Escrito por":"Maria Eduarda Possamai","Est. tempo de leitura":"4 minutos"},"schema":{"@context":"https:\/\/schema.org","@graph":[{"@type":"Article","@id":"https:\/\/club.involves.com\/pt-br\/carreira-em-trade-marketing\/#article","isPartOf":{"@id":"https:\/\/club.involves.com\/pt-br\/carreira-em-trade-marketing\/"},"author":{"name":"Maria Eduarda Possamai","@id":"https:\/\/club.involves.com\/pt-br\/#\/schema\/person\/ce9f7dde58b8e6c7f736bc63568a5857"},"headline":"A carreira no Trade Marketing: como enfrentar as mudan\u00e7as sem perder o rumo","datePublished":"2025-04-08T17:45:07+00:00","dateModified":"2025-04-09T17:46:46+00:00","mainEntityOfPage":{"@id":"https:\/\/club.involves.com\/pt-br\/carreira-em-trade-marketing\/"},"wordCount":605,"publisher":{"@id":"https:\/\/club.involves.com\/pt-br\/#organization"},"image":{"@id":"https:\/\/club.involves.com\/pt-br\/carreira-em-trade-marketing\/#primaryimage"},"thumbnailUrl":"https:\/\/club.involves.com\/wp-content\/uploads\/2025\/04\/involves-club-la-carrera-en-el-trade-marketing.jpg","articleSection":["Gest\u00e3o de Equipes de Campo","Tend\u00eancias e Mercado"],"inLanguage":"pt-BR"},{"@type":"WebPage","@id":"https:\/\/club.involves.com\/pt-br\/carreira-em-trade-marketing\/","url":"https:\/\/club.involves.com\/pt-br\/carreira-em-trade-marketing\/","name":"A carreira no Trade Marketing: como enfrentar as mudan\u00e7as sem perder o rumo - Involves Club","isPartOf":{"@id":"https:\/\/club.involves.com\/pt-br\/#website"},"primaryImageOfPage":{"@id":"https:\/\/club.involves.com\/pt-br\/carreira-em-trade-marketing\/#primaryimage"},"image":{"@id":"https:\/\/club.involves.com\/pt-br\/carreira-em-trade-marketing\/#primaryimage"},"thumbnailUrl":"https:\/\/club.involves.com\/wp-content\/uploads\/2025\/04\/involves-club-la-carrera-en-el-trade-marketing.jpg","datePublished":"2025-04-08T17:45:07+00:00","dateModified":"2025-04-09T17:46:46+00:00","description":"Como construir uma carreira em Trade Marketing? Ramiro Castrej\u00f3n, Senior Trade Marketing Manager, compartilha sua trajet\u00f3ria, aprendizados e como transformar desafios em oportunidades.","breadcrumb":{"@id":"https:\/\/club.involves.com\/pt-br\/carreira-em-trade-marketing\/#breadcrumb"},"inLanguage":"pt-BR","potentialAction":[{"@type":"ReadAction","target":["https:\/\/club.involves.com\/pt-br\/carreira-em-trade-marketing\/"]}]},{"@type":"ImageObject","inLanguage":"pt-BR","@id":"https:\/\/club.involves.com\/pt-br\/carreira-em-trade-marketing\/#primaryimage","url":"https:\/\/club.involves.com\/wp-content\/uploads\/2025\/04\/involves-club-la-carrera-en-el-trade-marketing.jpg","contentUrl":"https:\/\/club.involves.com\/wp-content\/uploads\/2025\/04\/involves-club-la-carrera-en-el-trade-marketing.jpg","width":2048,"height":1076,"caption":"Como contruir uma carreira em trade marketing"},{"@type":"BreadcrumbList","@id":"https:\/\/club.involves.com\/pt-br\/carreira-em-trade-marketing\/#breadcrumb","itemListElement":[{"@type":"ListItem","position":1,"name":"In\u00edcio","item":"https:\/\/club.involves.com\/pt-br\/"},{"@type":"ListItem","position":2,"name":"A carreira no Trade Marketing: como enfrentar as mudan\u00e7as sem perder o rumo"}]},{"@type":"WebSite","@id":"https:\/\/club.involves.com\/pt-br\/#website","url":"https:\/\/club.involves.com\/pt-br\/","name":"Involves Club","description":"Involves Club","publisher":{"@id":"https:\/\/club.involves.com\/pt-br\/#organization"},"potentialAction":[{"@type":"SearchAction","target":{"@type":"EntryPoint","urlTemplate":"https:\/\/club.involves.com\/pt-br\/?s={search_term_string}"},"query-input":{"@type":"PropertyValueSpecification","valueRequired":true,"valueName":"search_term_string"}}],"inLanguage":"pt-BR"},{"@type":"Organization","@id":"https:\/\/club.involves.com\/pt-br\/#organization","name":"Involves Club","url":"https:\/\/club.involves.com\/pt-br\/","logo":{"@type":"ImageObject","inLanguage":"pt-BR","@id":"https:\/\/club.involves.com\/pt-br\/#\/schema\/logo\/image\/","url":"https:\/\/club.involves.com\/wp-content\/uploads\/2022\/09\/involves_club_brand_h_2.png","contentUrl":"https:\/\/club.involves.com\/wp-content\/uploads\/2022\/09\/involves_club_brand_h_2.png","width":169,"height":49,"caption":"Involves Club"},"image":{"@id":"https:\/\/club.involves.com\/pt-br\/#\/schema\/logo\/image\/"}},{"@type":"Person","@id":"https:\/\/club.involves.com\/pt-br\/#\/schema\/person\/ce9f7dde58b8e6c7f736bc63568a5857","name":"Maria Eduarda Possamai","image":{"@type":"ImageObject","inLanguage":"pt-BR","@id":"https:\/\/club.involves.com\/wp-content\/litespeed\/avatar\/7b1de658d2083d856ffbae3dccce74aa.jpg?ver=1777302510","url":"https:\/\/club.involves.com\/wp-content\/litespeed\/avatar\/7b1de658d2083d856ffbae3dccce74aa.jpg?ver=1777302510","contentUrl":"https:\/\/club.involves.com\/wp-content\/litespeed\/avatar\/7b1de658d2083d856ffbae3dccce74aa.jpg?ver=1777302510","caption":"Maria Eduarda Possamai"},"sameAs":["https:\/\/www.linkedin.com\/in\/dgavazzoni\/"],"url":"https:\/\/club.involves.com\/pt-br\/author\/eduarda-possamai\/"}]}},"_links":{"self":[{"href":"https:\/\/club.involves.com\/pt-br\/wp-json\/wp\/v2\/posts\/22686","targetHints":{"allow":["GET"]}}],"collection":[{"href":"https:\/\/club.involves.com\/pt-br\/wp-json\/wp\/v2\/posts"}],"about":[{"href":"https:\/\/club.involves.com\/pt-br\/wp-json\/wp\/v2\/types\/post"}],"author":[{"embeddable":true,"href":"https:\/\/club.involves.com\/pt-br\/wp-json\/wp\/v2\/users\/23"}],"replies":[{"embeddable":true,"href":"https:\/\/club.involves.com\/pt-br\/wp-json\/wp\/v2\/comments?post=22686"}],"version-history":[{"count":2,"href":"https:\/\/club.involves.com\/pt-br\/wp-json\/wp\/v2\/posts\/22686\/revisions"}],"predecessor-version":[{"id":22690,"href":"https:\/\/club.involves.com\/pt-br\/wp-json\/wp\/v2\/posts\/22686\/revisions\/22690"}],"wp:featuredmedia":[{"embeddable":true,"href":"https:\/\/club.involves.com\/pt-br\/wp-json\/wp\/v2\/media\/22688"}],"wp:attachment":[{"href":"https:\/\/club.involves.com\/pt-br\/wp-json\/wp\/v2\/media?parent=22686"}],"wp:term":[{"taxonomy":"category","embeddable":true,"href":"https:\/\/club.involves.com\/pt-br\/wp-json\/wp\/v2\/categories?post=22686"},{"taxonomy":"post_tag","embeddable":true,"href":"https:\/\/club.involves.com\/pt-br\/wp-json\/wp\/v2\/tags?post=22686"}],"curies":[{"name":"wp","href":"https:\/\/api.w.org\/{rel}","templated":true}]}}